{"id":7517,"date":"2026-09-04T17:00:36","date_gmt":"2026-09-04T16:00:36","guid":{"rendered":"https:\/\/www.associazionelisa.it\/?p=7517"},"modified":"2026-09-04T17:00:38","modified_gmt":"2026-09-04T16:00:38","slug":"presentazione-pedagogia-waldorf-7-14-anni","status":"publish","type":"post","link":"https:\/\/www.associazionelisa.it\/?p=7517","title":{"rendered":"Presentazione Pedagogia Waldorf 7-14 anni"},"content":{"rendered":"<figure class=\"wp-block-post-featured-image\"><img loading=\"lazy\" decoding=\"async\" width=\"1200\" height=\"1696\" src=\"https:\/\/www.associazionelisa.it\/wp-content\/uploads\/2026\/09\/GENITORI-IN-CLASSE-CTE-monterosso_page-0001-1200x1696.jpg\" class=\"attachment-post-thumbnail size-post-thumbnail wp-post-image\" alt=\"\" style=\"object-fit:cover;\" srcset=\"https:\/\/www.associazionelisa.it\/wp-content\/uploads\/2026\/09\/GENITORI-IN-CLASSE-CTE-monterosso_page-0001-1200x1696.jpg 1200w, https:\/\/www.associazionelisa.it\/wp-content\/uploads\/2026\/09\/GENITORI-IN-CLASSE-CTE-monterosso_page-0001-212x300.jpg 212w, https:\/\/www.associazionelisa.it\/wp-content\/uploads\/2026\/09\/GENITORI-IN-CLASSE-CTE-monterosso_page-0001-725x1024.jpg 725w, https:\/\/www.associazionelisa.it\/wp-content\/uploads\/2026\/09\/GENITORI-IN-CLASSE-CTE-monterosso_page-0001-768x1085.jpg 768w, https:\/\/www.associazionelisa.it\/wp-content\/uploads\/2026\/09\/GENITORI-IN-CLASSE-CTE-monterosso_page-0001-1087x1536.jpg 1087w, https:\/\/www.associazionelisa.it\/wp-content\/uploads\/2026\/09\/GENITORI-IN-CLASSE-CTE-monterosso_page-0001.jpg 1241w\" sizes=\"auto, (max-width: 709px) 85vw, (max-width: 909px) 67vw, (max-width: 1362px) 88vw, 1200px\" data-attachment-id=\"7519\" data-permalink=\"https:\/\/www.associazionelisa.it\/?attachment_id=7519\" data-orig-file=\"https:\/\/www.associazionelisa.it\/wp-content\/uploads\/2026\/09\/GENITORI-IN-CLASSE-CTE-monterosso_page-0001.jpg\" data-orig-size=\"1241,1754\" data-comments-opened=\"0\" data-image-meta=\"{&quot;aperture&quot;:&quot;0&quot;,&quot;credit&quot;:&quot;&quot;,&quot;camera&quot;:&quot;&quot;,&quot;caption&quot;:&quot;&quot;,&quot;created_timestamp&quot;:&quot;0&quot;,&quot;copyright&quot;:&quot;&quot;,&quot;focal_length&quot;:&quot;0&quot;,&quot;iso&quot;:&quot;0&quot;,&quot;shutter_speed&quot;:&quot;0&quot;,&quot;title&quot;:&quot;&quot;,&quot;orientation&quot;:&quot;0&quot;}\" data-image-title=\"GENITORI IN CLASSE CTE monterosso_page-0001\" data-image-description=\"\" data-image-caption=\"\" data-large-file=\"https:\/\/www.associazionelisa.it\/wp-content\/uploads\/2026\/09\/GENITORI-IN-CLASSE-CTE-monterosso_page-0001-725x1024.jpg\" \/><\/figure>\n\n\n<p>Genitori in Classe &#8211; evento per adulti.<br> i nostri maestri presenteranno la pedagogia Waldorf in modo che i genitori potranno vivere direttamente l&#8217;esperienza che fanno i bambini. Il seminario si svolger\u00e0 in spazi esterni all&#8217;Associazione sul territorio di Bergamo.<br>19 Settembre 2026 e 23 Gennaio 2027<br><br>Classi aperte e Laboratori per bambini. Evento per famiglie.<br>Ogni classe potr\u00e0 essere visitata e verranno esposti i lavori e i quaderni che mostreranno il percorso che fanno i bambini nell&#8217;arco del secondo settennio.<br>Sono previsti dei laboratori gratuiti  legati al periodo dell&#8217;anno e connessi alla pedagogia rivolti ai bambini.<br>14 Novembre 2026 e 17 Aprile 2027<br><br>Vi aspettiamo!<br><\/p>\n","protected":false},"excerpt":{"rendered":"<p>Genitori in Classe &#8211; evento per adulti. i nostri maestri presenteranno la pedagogia Waldorf in modo che i genitori potranno vivere direttamente l&#8217;esperienza che fanno i bambini. Il seminario si svolger\u00e0 in spazi esterni all&#8217;Associazione sul territorio di Bergamo.19 Settembre 2026 e 23 Gennaio 2027 Classi aperte e Laboratori per bambini. Evento per famiglie.Ogni classe &hellip; <a href=\"https:\/\/www.associazionelisa.it\/?p=7517\" class=\"more-link\">Continue reading<span class=\"screen-reader-text\"> &#8220;Presentazione Pedagogia Waldorf 7-14 anni&#8221;<\/span><\/a><\/p>\n","protected":false},"author":1,"featured_media":7519,"comment_status":"closed","ping_status":"open","sticky":false,"template":"","format":"standard","meta":{"_jetpack_memberships_contains_paid_content":false,"footnotes":""},"categories":[1],"tags":[],"class_list":["post-7517","post","type-post","status-publish","format-standard","has-post-thumbnail","hentry","category-uncategorized"],"jetpack_featured_media_url":"https:\/\/www.associazionelisa.it\/wp-content\/uploads\/2026\/09\/GENITORI-IN-CLASSE-CTE-monterosso_page-0001.jpg","jetpack-related-posts":[{"id":7050,"url":"https:\/\/www.associazionelisa.it\/?p=7050","url_meta":{"origin":7517,"position":0},"title":"Pedagogia artistica nei mesi di Giugno e Luglio 2025","author":"admin","date":"22 Giugno 2025","format":false,"excerpt":"Attivit\u00e0 artistiche con Elisa Bolzoli, maestra Waldorf.Incontri settimanali dai 7 ai 14 anni.Per informazioni e iscrizioni contattare Elisa: cell. 3490755215","rel":"","context":"In &quot;Laboratori artistici per bambini&quot;","block_context":{"text":"Laboratori artistici per bambini","link":"https:\/\/www.associazionelisa.it\/?cat=9"},"img":{"alt_text":"","src":"https:\/\/i0.wp.com\/www.associazionelisa.it\/wp-content\/uploads\/2025\/06\/pedagpgia-artistica.jpg?resize=350%2C200&ssl=1","width":350,"height":200,"srcset":"https:\/\/i0.wp.com\/www.associazionelisa.it\/wp-content\/uploads\/2025\/06\/pedagpgia-artistica.jpg?resize=350%2C200&ssl=1 1x, https:\/\/i0.wp.com\/www.associazionelisa.it\/wp-content\/uploads\/2025\/06\/pedagpgia-artistica.jpg?resize=525%2C300&ssl=1 1.5x, https:\/\/i0.wp.com\/www.associazionelisa.it\/wp-content\/uploads\/2025\/06\/pedagpgia-artistica.jpg?resize=700%2C400&ssl=1 2x, https:\/\/i0.wp.com\/www.associazionelisa.it\/wp-content\/uploads\/2025\/06\/pedagpgia-artistica.jpg?resize=1050%2C600&ssl=1 3x"},"classes":[]},{"id":7456,"url":"https:\/\/www.associazionelisa.it\/?p=7456","url_meta":{"origin":7517,"position":1},"title":"Festa di primavera e degli antichi mestieri &#8211; programma","author":"admin","date":"14 Aprile 2026","format":false,"excerpt":"L'associazione Lisa \u00e8 felice di accogliervi alla Festa di Primavera adatta a tutte le et\u00e0.Il lavoro manuale \u00e8 parte integrante nella pedagogia Waldorf e la festa sar\u00e0 un'occasione per riscoprire gli antichi mestieri basati su abilit\u00e0 manuali, strumenti semplici e materiali naturali, grazie alla presenza di artigiani e di laboratori\u2026","rel":"","context":"In &quot;Feste dell'anno&quot;","block_context":{"text":"Feste dell'anno","link":"https:\/\/www.associazionelisa.it\/?cat=5"},"img":{"alt_text":"","src":"https:\/\/i0.wp.com\/www.associazionelisa.it\/wp-content\/uploads\/2026\/04\/festa-di-primavera.jpeg?resize=350%2C200&ssl=1","width":350,"height":200,"srcset":"https:\/\/i0.wp.com\/www.associazionelisa.it\/wp-content\/uploads\/2026\/04\/festa-di-primavera.jpeg?resize=350%2C200&ssl=1 1x, https:\/\/i0.wp.com\/www.associazionelisa.it\/wp-content\/uploads\/2026\/04\/festa-di-primavera.jpeg?resize=525%2C300&ssl=1 1.5x, https:\/\/i0.wp.com\/www.associazionelisa.it\/wp-content\/uploads\/2026\/04\/festa-di-primavera.jpeg?resize=700%2C400&ssl=1 2x, https:\/\/i0.wp.com\/www.associazionelisa.it\/wp-content\/uploads\/2026\/04\/festa-di-primavera.jpeg?resize=1050%2C600&ssl=1 3x"},"classes":[]},{"id":3604,"url":"https:\/\/www.associazionelisa.it\/?p=3604","url_meta":{"origin":7517,"position":2},"title":"Porte Aperte 7 DICEMBRE 24","author":"admin","date":"18 Novembre 2024","format":false,"excerpt":"Presentazione del Progetto educativo parentale Steiner-Waldorf Alm\u00e8 CICLO UNICO I \u2013 VIII CLASSE, 7 - 14 ANNI Programma della mattinata: h. 9.45 \u00a0\u00a0Accoglienza h. 10.00 L\u2019Associazione si presenta, a cura di maestri e genitori h. 10.30 Introduzione alla pedagogia, a cura dei maestri del ciclo unico I-VIII CLASSE (scuola primaria\u2026","rel":"","context":"In &quot;Porte aperte&quot;","block_context":{"text":"Porte aperte","link":"https:\/\/www.associazionelisa.it\/?cat=10"},"img":{"alt_text":"","src":"https:\/\/i0.wp.com\/www.associazionelisa.it\/wp-content\/uploads\/2024\/11\/porte-aperter-dicembre-24.jpg?resize=350%2C200&ssl=1","width":350,"height":200,"srcset":"https:\/\/i0.wp.com\/www.associazionelisa.it\/wp-content\/uploads\/2024\/11\/porte-aperter-dicembre-24.jpg?resize=350%2C200&ssl=1 1x, https:\/\/i0.wp.com\/www.associazionelisa.it\/wp-content\/uploads\/2024\/11\/porte-aperter-dicembre-24.jpg?resize=525%2C300&ssl=1 1.5x, https:\/\/i0.wp.com\/www.associazionelisa.it\/wp-content\/uploads\/2024\/11\/porte-aperter-dicembre-24.jpg?resize=700%2C400&ssl=1 2x, https:\/\/i0.wp.com\/www.associazionelisa.it\/wp-content\/uploads\/2024\/11\/porte-aperter-dicembre-24.jpg?resize=1050%2C600&ssl=1 3x"},"classes":[]},{"id":3499,"url":"https:\/\/www.associazionelisa.it\/?p=3499","url_meta":{"origin":7517,"position":3},"title":"Conferenza \u201cIncontrare il bambino nel suo primo settennio&#8221;","author":"admin","date":"2 Ottobre 2024","format":false,"excerpt":"SABATO 5 OTTOBRE 2024 Ore 15.30 \u00a0Sala civica presso il Centro socio culturale di Alm\u00e8 - Piazza Lemine, 5\u201cIncontrare il bambino nel suo primo settennio: quali necessit\u00e0, come le manifesta, di quali strumenti dispone l\u2019educatore al suo fianco e quali qualit\u00e0 deve affinare\u201d con Federica Testa, Maestra Waldorf per il\u2026","rel":"","context":"In &quot;Incontri e conferenze&quot;","block_context":{"text":"Incontri e conferenze","link":"https:\/\/www.associazionelisa.it\/?cat=7"},"img":{"alt_text":"","src":"https:\/\/i0.wp.com\/www.associazionelisa.it\/wp-content\/uploads\/2024\/10\/confe-1-settennio-ott-2024-002.jpg?resize=350%2C200&ssl=1","width":350,"height":200,"srcset":"https:\/\/i0.wp.com\/www.associazionelisa.it\/wp-content\/uploads\/2024\/10\/confe-1-settennio-ott-2024-002.jpg?resize=350%2C200&ssl=1 1x, https:\/\/i0.wp.com\/www.associazionelisa.it\/wp-content\/uploads\/2024\/10\/confe-1-settennio-ott-2024-002.jpg?resize=525%2C300&ssl=1 1.5x, https:\/\/i0.wp.com\/www.associazionelisa.it\/wp-content\/uploads\/2024\/10\/confe-1-settennio-ott-2024-002.jpg?resize=700%2C400&ssl=1 2x, https:\/\/i0.wp.com\/www.associazionelisa.it\/wp-content\/uploads\/2024\/10\/confe-1-settennio-ott-2024-002.jpg?resize=1050%2C600&ssl=1 3x, https:\/\/i0.wp.com\/www.associazionelisa.it\/wp-content\/uploads\/2024\/10\/confe-1-settennio-ott-2024-002.jpg?resize=1400%2C800&ssl=1 4x"},"classes":[]},{"id":3383,"url":"https:\/\/www.associazionelisa.it\/?p=3383","url_meta":{"origin":7517,"position":4},"title":"Porte Aperte 19 Ottobre 2024","author":"admin","date":"30 Settembre 2024","format":false,"excerpt":"GRUPPO GIOCHI \"L'ALTRACASA\" 2-7 ANNI - EDUCAZIONE PARENTALE 7-14 ANNI SABATO 19 OTTOBRE 2024 dalle ore 9.45 alle ore 12.30 Vi aspettiamo per conoscere e vivere le atmosfere del nostro progetto! Chiediamo di confermare la vostra presenza al numero 349 1007830 oppure tramite mail associazionelisa@gmail.com Programma della giornata: h. 9.45\u2026","rel":"","context":"In &quot;Porte aperte&quot;","block_context":{"text":"Porte aperte","link":"https:\/\/www.associazionelisa.it\/?cat=10"},"img":{"alt_text":"","src":"https:\/\/i0.wp.com\/www.associazionelisa.it\/wp-content\/uploads\/2024\/09\/web.jpg?resize=350%2C200&ssl=1","width":350,"height":200,"srcset":"https:\/\/i0.wp.com\/www.associazionelisa.it\/wp-content\/uploads\/2024\/09\/web.jpg?resize=350%2C200&ssl=1 1x, https:\/\/i0.wp.com\/www.associazionelisa.it\/wp-content\/uploads\/2024\/09\/web.jpg?resize=525%2C300&ssl=1 1.5x, https:\/\/i0.wp.com\/www.associazionelisa.it\/wp-content\/uploads\/2024\/09\/web.jpg?resize=700%2C400&ssl=1 2x, https:\/\/i0.wp.com\/www.associazionelisa.it\/wp-content\/uploads\/2024\/09\/web.jpg?resize=1050%2C600&ssl=1 3x"},"classes":[]},{"id":3614,"url":"https:\/\/www.associazionelisa.it\/?p=3614","url_meta":{"origin":7517,"position":5},"title":"Aspettando il Natale 2024","author":"admin","date":"1 Novembre 2024","format":false,"excerpt":"Sabato 30 Novembre 2024 10:00 \u2013 18:00 Per prepararci all\u2019Avvento, l\u2019Associazione L.I.S.A. apre le sue porte: h 10-12 e 14-16 Laboratori per bambini e ragazzi: Cucito, Realizzazione di candele in cera d\u2019api, Decorazione di candele e Falegnameria h 11,15 e 14 Teatrino \u201cI doni del popolo piccino\u201d, Fiaba dei Fratelli\u2026","rel":"","context":"In &quot;Feste dell'anno&quot;","block_context":{"text":"Feste dell'anno","link":"https:\/\/www.associazionelisa.it\/?cat=5"},"img":{"alt_text":"","src":"https:\/\/i0.wp.com\/www.associazionelisa.it\/wp-content\/uploads\/2024\/11\/aspettando-natale-24.jpg?resize=350%2C200&ssl=1","width":350,"height":200,"srcset":"https:\/\/i0.wp.com\/www.associazionelisa.it\/wp-content\/uploads\/2024\/11\/aspettando-natale-24.jpg?resize=350%2C200&ssl=1 1x, https:\/\/i0.wp.com\/www.associazionelisa.it\/wp-content\/uploads\/2024\/11\/aspettando-natale-24.jpg?resize=525%2C300&ssl=1 1.5x, https:\/\/i0.wp.com\/www.associazionelisa.it\/wp-content\/uploads\/2024\/11\/aspettando-natale-24.jpg?resize=700%2C400&ssl=1 2x, https:\/\/i0.wp.com\/www.associazionelisa.it\/wp-content\/uploads\/2024\/11\/aspettando-natale-24.jpg?resize=1050%2C600&ssl=1 3x, https:\/\/i0.wp.com\/www.associazionelisa.it\/wp-content\/uploads\/2024\/11\/aspettando-natale-24.jpg?resize=1400%2C800&ssl=1 4x"},"classes":[]}],"jetpack_sharing_enabled":true,"_links":{"self":[{"href":"https:\/\/www.associazionelisa.it\/index.php?rest_route=\/wp\/v2\/posts\/7517","targetHints":{"allow":["GET"]}}],"collection":[{"href":"https:\/\/www.associazionelisa.it\/index.php?rest_route=\/wp\/v2\/posts"}],"about":[{"href":"https:\/\/www.associazionelisa.it\/index.php?rest_route=\/wp\/v2\/types\/post"}],"author":[{"embeddable":true,"href":"https:\/\/www.associazionelisa.it\/index.php?rest_route=\/wp\/v2\/users\/1"}],"replies":[{"embeddable":true,"href":"https:\/\/www.associazionelisa.it\/index.php?rest_route=%2Fwp%2Fv2%2Fcomments&post=7517"}],"version-history":[{"count":1,"href":"https:\/\/www.associazionelisa.it\/index.php?rest_route=\/wp\/v2\/posts\/7517\/revisions"}],"predecessor-version":[{"id":7520,"href":"https:\/\/www.associazionelisa.it\/index.php?rest_route=\/wp\/v2\/posts\/7517\/revisions\/7520"}],"wp:featuredmedia":[{"embeddable":true,"href":"https:\/\/www.associazionelisa.it\/index.php?rest_route=\/wp\/v2\/media\/7519"}],"wp:attachment":[{"href":"https:\/\/www.associazionelisa.it\/index.php?rest_route=%2Fwp%2Fv2%2Fmedia&parent=7517"}],"wp:term":[{"taxonomy":"category","embeddable":true,"href":"https:\/\/www.associazionelisa.it\/index.php?rest_route=%2Fwp%2Fv2%2Fcategories&post=7517"},{"taxonomy":"post_tag","embeddable":true,"href":"https:\/\/www.associazionelisa.it\/index.php?rest_route=%2Fwp%2Fv2%2Ftags&post=7517"}],"curies":[{"name":"wp","href":"https:\/\/api.w.org\/{rel}","templated":true}]}}