{"id":7521,"date":"2026-09-04T17:02:24","date_gmt":"2026-09-04T16:02:24","guid":{"rendered":"https:\/\/www.associazionelisa.it\/?p=7521"},"modified":"2026-09-04T17:02:26","modified_gmt":"2026-09-04T16:02:26","slug":"laboratorio-di-falegnameria","status":"publish","type":"post","link":"https:\/\/www.associazionelisa.it\/?p=7521","title":{"rendered":"Laboratorio di Falegnameria"},"content":{"rendered":"<figure class=\"wp-block-post-featured-image\"><img loading=\"lazy\" decoding=\"async\" width=\"1200\" height=\"1704\" src=\"https:\/\/www.associazionelisa.it\/wp-content\/uploads\/2026\/09\/LAB.LEGNO-A5-2-1200x1704.jpg\" class=\"attachment-post-thumbnail size-post-thumbnail wp-post-image\" alt=\"\" style=\"object-fit:cover;\" srcset=\"https:\/\/www.associazionelisa.it\/wp-content\/uploads\/2026\/09\/LAB.LEGNO-A5-2-1200x1704.jpg 1200w, https:\/\/www.associazionelisa.it\/wp-content\/uploads\/2026\/09\/LAB.LEGNO-A5-2-211x300.jpg 211w, https:\/\/www.associazionelisa.it\/wp-content\/uploads\/2026\/09\/LAB.LEGNO-A5-2-721x1024.jpg 721w, https:\/\/www.associazionelisa.it\/wp-content\/uploads\/2026\/09\/LAB.LEGNO-A5-2-768x1090.jpg 768w, https:\/\/www.associazionelisa.it\/wp-content\/uploads\/2026\/09\/LAB.LEGNO-A5-2-1082x1536.jpg 1082w, https:\/\/www.associazionelisa.it\/wp-content\/uploads\/2026\/09\/LAB.LEGNO-A5-2-1442x2048.jpg 1442w, https:\/\/www.associazionelisa.it\/wp-content\/uploads\/2026\/09\/LAB.LEGNO-A5-2.jpg 1772w\" sizes=\"auto, (max-width: 709px) 85vw, (max-width: 909px) 67vw, (max-width: 1362px) 88vw, 1200px\" data-attachment-id=\"7522\" data-permalink=\"https:\/\/www.associazionelisa.it\/?attachment_id=7522\" data-orig-file=\"https:\/\/www.associazionelisa.it\/wp-content\/uploads\/2026\/09\/LAB.LEGNO-A5-2.jpg\" data-orig-size=\"1772,2516\" data-comments-opened=\"0\" data-image-meta=\"{&quot;aperture&quot;:&quot;0&quot;,&quot;credit&quot;:&quot;&quot;,&quot;camera&quot;:&quot;&quot;,&quot;caption&quot;:&quot;&quot;,&quot;created_timestamp&quot;:&quot;0&quot;,&quot;copyright&quot;:&quot;&quot;,&quot;focal_length&quot;:&quot;0&quot;,&quot;iso&quot;:&quot;0&quot;,&quot;shutter_speed&quot;:&quot;0&quot;,&quot;title&quot;:&quot;&quot;,&quot;orientation&quot;:&quot;0&quot;}\" data-image-title=\"LAB.LEGNO A5 (2)\" data-image-description=\"\" data-image-caption=\"\" data-large-file=\"https:\/\/www.associazionelisa.it\/wp-content\/uploads\/2026\/09\/LAB.LEGNO-A5-2-721x1024.jpg\" \/><\/figure>\n\n\n<p>Tutti i mercoled\u00ec a partire dal 7 Ottobre 2026 negli spazi dell&#8217;associazione LISA.<\/p>\n","protected":false},"excerpt":{"rendered":"<p>Tutti i mercoled\u00ec a partire dal 7 Ottobre 2026 negli spazi dell&#8217;associazione LISA.<\/p>\n","protected":false},"author":1,"featured_media":7522,"comment_status":"closed","ping_status":"open","sticky":false,"template":"","format":"standard","meta":{"_jetpack_memberships_contains_paid_content":false,"footnotes":""},"categories":[1],"tags":[],"class_list":["post-7521","post","type-post","status-publish","format-standard","has-post-thumbnail","hentry","category-uncategorized"],"jetpack_featured_media_url":"https:\/\/www.associazionelisa.it\/wp-content\/uploads\/2026\/09\/LAB.LEGNO-A5-2.jpg","jetpack-related-posts":[{"id":7075,"url":"https:\/\/www.associazionelisa.it\/?p=7075","url_meta":{"origin":7521,"position":0},"title":"laboratorio di falegnameria per ragazzi","author":"admin","date":"8 Settembre 2025","format":false,"excerpt":"Dal 1 Ottobre, ogni mercoled\u00ec dalle 17:00 alle 18:30.A cura del Maestro Marco Terzi.Presso Associazione LISA, ingresso dal Parco Monte Taddeo- Alm\u00e8","rel":"","context":"In &quot;Laboratori artistici per bambini&quot;","block_context":{"text":"Laboratori artistici per bambini","link":"https:\/\/www.associazionelisa.it\/?cat=9"},"img":{"alt_text":"","src":"https:\/\/i0.wp.com\/www.associazionelisa.it\/wp-content\/uploads\/2025\/09\/lab-falegnameria.jpg?resize=350%2C200&ssl=1","width":350,"height":200,"srcset":"https:\/\/i0.wp.com\/www.associazionelisa.it\/wp-content\/uploads\/2025\/09\/lab-falegnameria.jpg?resize=350%2C200&ssl=1 1x, https:\/\/i0.wp.com\/www.associazionelisa.it\/wp-content\/uploads\/2025\/09\/lab-falegnameria.jpg?resize=525%2C300&ssl=1 1.5x, https:\/\/i0.wp.com\/www.associazionelisa.it\/wp-content\/uploads\/2025\/09\/lab-falegnameria.jpg?resize=700%2C400&ssl=1 2x, https:\/\/i0.wp.com\/www.associazionelisa.it\/wp-content\/uploads\/2025\/09\/lab-falegnameria.jpg?resize=1050%2C600&ssl=1 3x"},"classes":[]},{"id":7517,"url":"https:\/\/www.associazionelisa.it\/?p=7517","url_meta":{"origin":7521,"position":1},"title":"Presentazione Pedagogia Waldorf 7-14 anni","author":"admin","date":"4 Settembre 2026","format":false,"excerpt":"Genitori in Classe - evento per adulti. i nostri maestri presenteranno la pedagogia Waldorf in modo che i genitori potranno vivere direttamente l'esperienza che fanno i bambini. Il seminario si svolger\u00e0 in spazi esterni all'Associazione sul territorio di Bergamo.19 Settembre 2026 e 23 Gennaio 2027Classi aperte e Laboratori per bambini.\u2026","rel":"","context":"Articolo simile","block_context":{"text":"Articolo simile","link":""},"img":{"alt_text":"","src":"https:\/\/i0.wp.com\/www.associazionelisa.it\/wp-content\/uploads\/2026\/09\/GENITORI-IN-CLASSE-CTE-monterosso_page-0001.jpg?resize=350%2C200&ssl=1","width":350,"height":200,"srcset":"https:\/\/i0.wp.com\/www.associazionelisa.it\/wp-content\/uploads\/2026\/09\/GENITORI-IN-CLASSE-CTE-monterosso_page-0001.jpg?resize=350%2C200&ssl=1 1x, https:\/\/i0.wp.com\/www.associazionelisa.it\/wp-content\/uploads\/2026\/09\/GENITORI-IN-CLASSE-CTE-monterosso_page-0001.jpg?resize=525%2C300&ssl=1 1.5x, https:\/\/i0.wp.com\/www.associazionelisa.it\/wp-content\/uploads\/2026\/09\/GENITORI-IN-CLASSE-CTE-monterosso_page-0001.jpg?resize=700%2C400&ssl=1 2x, https:\/\/i0.wp.com\/www.associazionelisa.it\/wp-content\/uploads\/2026\/09\/GENITORI-IN-CLASSE-CTE-monterosso_page-0001.jpg?resize=1050%2C600&ssl=1 3x"},"classes":[]},{"id":7375,"url":"https:\/\/www.associazionelisa.it\/?p=7375","url_meta":{"origin":7521,"position":2},"title":"LABORATORIO ESPERIENZIALE CON LA PITTURA","author":"admin","date":"23 Maggio 2026","format":false,"excerpt":"IL MONDO DELL'ANIMA: dalle atmosfere all'immaginazione LABORATORIO ESPERIENZIALE CON LA PITTURA: acquarello su carta asciutta e bagnata.PERCORSO ARTISTICO DI PITTURA IL:10 GENNAIO 2026 - 7 FEBBRAIO 2026 - 7 MARZO 2026 - 18 APRILE 2026 - 16 MAGGIO 2026 - 13 GIUGNO 2026con Cinzia Busetti (maestra d'arte e pittrice).Presso gli\u2026","rel":"","context":"In &quot;Laboratori artistici per adulti&quot;","block_context":{"text":"Laboratori artistici per adulti","link":"https:\/\/www.associazionelisa.it\/?cat=8"},"img":{"alt_text":"","src":"https:\/\/i0.wp.com\/www.associazionelisa.it\/wp-content\/uploads\/2025\/12\/lab-pittura-2026-scaled.jpg?resize=350%2C200&ssl=1","width":350,"height":200,"srcset":"https:\/\/i0.wp.com\/www.associazionelisa.it\/wp-content\/uploads\/2025\/12\/lab-pittura-2026-scaled.jpg?resize=350%2C200&ssl=1 1x, https:\/\/i0.wp.com\/www.associazionelisa.it\/wp-content\/uploads\/2025\/12\/lab-pittura-2026-scaled.jpg?resize=525%2C300&ssl=1 1.5x, https:\/\/i0.wp.com\/www.associazionelisa.it\/wp-content\/uploads\/2025\/12\/lab-pittura-2026-scaled.jpg?resize=700%2C400&ssl=1 2x, https:\/\/i0.wp.com\/www.associazionelisa.it\/wp-content\/uploads\/2025\/12\/lab-pittura-2026-scaled.jpg?resize=1050%2C600&ssl=1 3x, https:\/\/i0.wp.com\/www.associazionelisa.it\/wp-content\/uploads\/2025\/12\/lab-pittura-2026-scaled.jpg?resize=1400%2C800&ssl=1 4x"},"classes":[]},{"id":3543,"url":"https:\/\/www.associazionelisa.it\/?p=3543","url_meta":{"origin":7521,"position":3},"title":"Laboratorio Bambola per adulti","author":"admin","date":"3 Settembre 2025","format":false,"excerpt":"a cura delle maestre dell'associazione Dal 7 ottobre, ogni marted\u00ec dalle ore 18:30 alle ore 20:30 I bambini sentono quando un dono \u00e8 stato realizzato con amore perch\u00e9 in quel dono c\u2019\u00e8 qualcosa di noi! La bambola pensata con saggezza e conoscenza delle necessit\u00e0 di ogni bimbo \u00e8 pi\u00f9 di\u2026","rel":"","context":"In &quot;Laboratori artistici per adulti&quot;","block_context":{"text":"Laboratori artistici per adulti","link":"https:\/\/www.associazionelisa.it\/?cat=8"},"img":{"alt_text":"","src":"https:\/\/i0.wp.com\/www.associazionelisa.it\/wp-content\/uploads\/2025\/09\/lab-bambola-2025-1.jpg?resize=350%2C200&ssl=1","width":350,"height":200,"srcset":"https:\/\/i0.wp.com\/www.associazionelisa.it\/wp-content\/uploads\/2025\/09\/lab-bambola-2025-1.jpg?resize=350%2C200&ssl=1 1x, https:\/\/i0.wp.com\/www.associazionelisa.it\/wp-content\/uploads\/2025\/09\/lab-bambola-2025-1.jpg?resize=525%2C300&ssl=1 1.5x, https:\/\/i0.wp.com\/www.associazionelisa.it\/wp-content\/uploads\/2025\/09\/lab-bambola-2025-1.jpg?resize=700%2C400&ssl=1 2x, https:\/\/i0.wp.com\/www.associazionelisa.it\/wp-content\/uploads\/2025\/09\/lab-bambola-2025-1.jpg?resize=1050%2C600&ssl=1 3x"},"classes":[]},{"id":6623,"url":"https:\/\/www.associazionelisa.it\/?p=6623","url_meta":{"origin":7521,"position":4},"title":"Laboratorio di Euritmia- corso per adulti","author":"admin","date":"14 Marzo 2025","format":false,"excerpt":"Con Giuditta Raiano, maestra di Euritmia presso l'associazione LISA.Dal 20 Marzo 2025 dalle ore 8.30 alle 9.45.","rel":"","context":"In &quot;Laboratori artistici per adulti&quot;","block_context":{"text":"Laboratori artistici per adulti","link":"https:\/\/www.associazionelisa.it\/?cat=8"},"img":{"alt_text":"","src":"https:\/\/i0.wp.com\/www.associazionelisa.it\/wp-content\/uploads\/2025\/03\/LAB.EURITMIA.jpg?resize=350%2C200&ssl=1","width":350,"height":200,"srcset":"https:\/\/i0.wp.com\/www.associazionelisa.it\/wp-content\/uploads\/2025\/03\/LAB.EURITMIA.jpg?resize=350%2C200&ssl=1 1x, https:\/\/i0.wp.com\/www.associazionelisa.it\/wp-content\/uploads\/2025\/03\/LAB.EURITMIA.jpg?resize=525%2C300&ssl=1 1.5x, https:\/\/i0.wp.com\/www.associazionelisa.it\/wp-content\/uploads\/2025\/03\/LAB.EURITMIA.jpg?resize=700%2C400&ssl=1 2x, https:\/\/i0.wp.com\/www.associazionelisa.it\/wp-content\/uploads\/2025\/03\/LAB.EURITMIA.jpg?resize=1050%2C600&ssl=1 3x, https:\/\/i0.wp.com\/www.associazionelisa.it\/wp-content\/uploads\/2025\/03\/LAB.EURITMIA.jpg?resize=1400%2C800&ssl=1 4x"},"classes":[]},{"id":3569,"url":"https:\/\/www.associazionelisa.it\/?p=3569","url_meta":{"origin":7521,"position":5},"title":"Conferenza&#8221;dall&#8217;infanzia all&#8217;adolescenza&#8221;","author":"admin","date":"8 Ottobre 2024","format":false,"excerpt":"con Fabio Alessandro venerd\u00ec 18 ottobre 2024 alle ore 20:30. il 24 ottobre presso l'associazione Lisa alle ore 20 seguir\u00e0 una Tavola Rotonda sul tema con maestri e genitori.","rel":"","context":"In &quot;Incontri e conferenze&quot;","block_context":{"text":"Incontri e conferenze","link":"https:\/\/www.associazionelisa.it\/?cat=7"},"img":{"alt_text":"","src":"https:\/\/i0.wp.com\/www.associazionelisa.it\/wp-content\/uploads\/2024\/10\/conf-2.jpg?resize=350%2C200&ssl=1","width":350,"height":200,"srcset":"https:\/\/i0.wp.com\/www.associazionelisa.it\/wp-content\/uploads\/2024\/10\/conf-2.jpg?resize=350%2C200&ssl=1 1x, https:\/\/i0.wp.com\/www.associazionelisa.it\/wp-content\/uploads\/2024\/10\/conf-2.jpg?resize=525%2C300&ssl=1 1.5x, https:\/\/i0.wp.com\/www.associazionelisa.it\/wp-content\/uploads\/2024\/10\/conf-2.jpg?resize=700%2C400&ssl=1 2x, https:\/\/i0.wp.com\/www.associazionelisa.it\/wp-content\/uploads\/2024\/10\/conf-2.jpg?resize=1050%2C600&ssl=1 3x, https:\/\/i0.wp.com\/www.associazionelisa.it\/wp-content\/uploads\/2024\/10\/conf-2.jpg?resize=1400%2C800&ssl=1 4x"},"classes":[]}],"jetpack_sharing_enabled":true,"_links":{"self":[{"href":"https:\/\/www.associazionelisa.it\/index.php?rest_route=\/wp\/v2\/posts\/7521","targetHints":{"allow":["GET"]}}],"collection":[{"href":"https:\/\/www.associazionelisa.it\/index.php?rest_route=\/wp\/v2\/posts"}],"about":[{"href":"https:\/\/www.associazionelisa.it\/index.php?rest_route=\/wp\/v2\/types\/post"}],"author":[{"embeddable":true,"href":"https:\/\/www.associazionelisa.it\/index.php?rest_route=\/wp\/v2\/users\/1"}],"replies":[{"embeddable":true,"href":"https:\/\/www.associazionelisa.it\/index.php?rest_route=%2Fwp%2Fv2%2Fcomments&post=7521"}],"version-history":[{"count":1,"href":"https:\/\/www.associazionelisa.it\/index.php?rest_route=\/wp\/v2\/posts\/7521\/revisions"}],"predecessor-version":[{"id":7523,"href":"https:\/\/www.associazionelisa.it\/index.php?rest_route=\/wp\/v2\/posts\/7521\/revisions\/7523"}],"wp:featuredmedia":[{"embeddable":true,"href":"https:\/\/www.associazionelisa.it\/index.php?rest_route=\/wp\/v2\/media\/7522"}],"wp:attachment":[{"href":"https:\/\/www.associazionelisa.it\/index.php?rest_route=%2Fwp%2Fv2%2Fmedia&parent=7521"}],"wp:term":[{"taxonomy":"category","embeddable":true,"href":"https:\/\/www.associazionelisa.it\/index.php?rest_route=%2Fwp%2Fv2%2Fcategories&post=7521"},{"taxonomy":"post_tag","embeddable":true,"href":"https:\/\/www.associazionelisa.it\/index.php?rest_route=%2Fwp%2Fv2%2Ftags&post=7521"}],"curies":[{"name":"wp","href":"https:\/\/api.w.org\/{rel}","templated":true}]}}